{"id":3117,"date":"2026-04-28T10:03:46","date_gmt":"2026-04-28T13:03:46","guid":{"rendered":"https:\/\/cecomp.univasf.edu.br\/?p=3117"},"modified":"2026-04-28T10:04:56","modified_gmt":"2026-04-28T13:04:56","slug":"professor-do-cecomp-e-promovido-a-classe-de-professor-titular","status":"publish","type":"post","link":"https:\/\/cecomp.univasf.edu.br\/index.php\/professor-do-cecomp-e-promovido-a-classe-de-professor-titular\/","title":{"rendered":"Professor do Cecomp \u00e9 promovido \u00e0 classe de Professor Titular"},"content":{"rendered":"\n<p>Na \u00faltima sexta-feira, 24 de abril de 2026, o docente Ricardo Argenton Ramos, do Colegiado de Engenharia da Computa\u00e7\u00e3o (Cecomp) da Universidade Federal do Vale do S\u00e3o Francisco (Univasf), foi promovido \u00e0 classe de Professor Titular, tornando-se o segundo professor do colegiado a alcan\u00e7ar esse t\u00edtulo.<\/p>\n\n\n\n<p>A sess\u00e3o p\u00fablica de defesa de promo\u00e7\u00e3o funcional foi realizada de forma remota e transmitida ao vivo pelo canal da Comiss\u00e3o Permanente de Pessoal Docente (CPPD) no YouTube. A comiss\u00e3o de avalia\u00e7\u00e3o contou com a participa\u00e7\u00e3o dos professores Jaelson Freire Brelaz de Castro (Universidade Federal de Pernambuco \u2013 UFPE), Valter Vieira de Camargo (Universidade Federal de S\u00e3o Carlos \u2013 UFSCar) e Rodrigo Pereira Ramos (Univasf), com suplentes os professores Eduardo Kessler Piveta (Universidade Federal de Santa Maria \u2013 UFSM) e Fernanda Maria Ribeiro Alencar (UFPE).<\/p>\n\n\n\n<figure class=\"wp-block-image size-full is-resized\"><img loading=\"lazy\" decoding=\"async\" width=\"700\" height=\"543\" src=\"https:\/\/cecomp.univasf.edu.br\/wp-content\/uploads\/Captura-de-tela-2026-04-28-095126.png\" alt=\"\" class=\"wp-image-3118\" style=\"width:820px;height:auto\" srcset=\"https:\/\/cecomp.univasf.edu.br\/wp-content\/uploads\/Captura-de-tela-2026-04-28-095126.png 700w, https:\/\/cecomp.univasf.edu.br\/wp-content\/uploads\/Captura-de-tela-2026-04-28-095126-300x233.png 300w\" sizes=\"(max-width: 700px) 100vw, 700px\" \/><\/figure>\n\n\n\n<p>Ricardo Argenton Ramos \u00e9 doutor em Ci\u00eancia da Computa\u00e7\u00e3o pela UFPE (2009) e p\u00f3s-doutor pela University of Waterloo, no Canad\u00e1 (2014-2015). Ele tamb\u00e9m possui mestrado e especializa\u00e7\u00e3o pela UFSCar e FIL, al\u00e9m de gradua\u00e7\u00e3o em Processamento de Dados pela FATEC-TQ (1999) e Psicologia pela UNIVASF (2024, com L\u00e1urea Acad\u00eamica).<\/p>\n\n\n\n<p>Atuando como docente e orientador no Programa de P\u00f3s-Gradua\u00e7\u00e3o Interdisciplinar em Ci\u00eancias da Sa\u00fade e Biol\u00f3gicas, o professor tamb\u00e9m \u00e9 editor da Revista REVASF na \u00e1rea de Educa\u00e7\u00e3o e revisor de congressos de Computa\u00e7\u00e3o. Ele j\u00e1 orientou diversos alunos em inicia\u00e7\u00e3o cient\u00edfica, mestrado e doutorado e possui 13 registros de software no INPI.<\/p>\n\n\n\n<p>Sua trajet\u00f3ria acad\u00eamica e profissional abrange \u00e1reas como Computa\u00e7\u00e3o e Sa\u00fade, Engenharia de Software Interdisciplinar, Tecnologias para Sa\u00fade Mental e Qualidade de Vida, al\u00e9m de projetos de extens\u00e3o nas \u00e1reas de sa\u00fade, pedagogia e ci\u00eancias sociais. Ele \u00e9 l\u00edder do grupo de estudos LaPESS e participa de outros grupos de pesquisa vinculados \u00e0 UFPE.<\/p>\n\n\n\n<p>Com essa promo\u00e7\u00e3o, Ricardo Argenton Ramos se torna um exemplo de dedica\u00e7\u00e3o e excel\u00eancia acad\u00eamica no Cecomp e na Univasf, consolidando sua carreira no topo da carreira docente no Magist\u00e9rio Superior.<\/p>\n\n\n\n<p><em>Fonte: Colegiado de Engenharia da Computa\u00e7\u00e3o (CECOMP)<\/em><\/p>\n","protected":false},"excerpt":{"rendered":"Na \u00faltima sexta-feira, 24 de abril de 2026, o docente Ricardo Argenton Ramos, do Colegiado de Engenharia da Computa\u00e7\u00e3o (Cecomp) da Universidade Federal do Vale do S\u00e3o Francisco (Univasf), foi promovido \u00e0 classe de Professor Titular, tornando-se o segundo professor do colegiado a alcan\u00e7ar esse t\u00edtulo. A sess\u00e3o p\u00fablica de defesa de promo\u00e7\u00e3o funcional foi realizada de forma remota e&nbsp;<a href=\"https:\/\/cecomp.univasf.edu.br\/index.php\/professor-do-cecomp-e-promovido-a-classe-de-professor-titular\/\" class=\"read-more\">Continue Reading<\/a>","protected":false},"author":1,"featured_media":0,"comment_status":"closed","ping_status":"closed","sticky":false,"template":"","format":"standard","meta":{"footnotes":""},"categories":[1],"tags":[133,131,130,134,129],"class_list":["post-3117","post","type-post","status-publish","format-standard","hentry","category-geral","tag-carreiraacademica","tag-engenhariadesoftware","tag-memorialacademico","tag-professortitular","tag-promocaodocente","cat-1-id"],"_links":{"self":[{"href":"https:\/\/cecomp.univasf.edu.br\/index.php\/wp-json\/wp\/v2\/posts\/3117"}],"collection":[{"href":"https:\/\/cecomp.univasf.edu.br\/index.php\/wp-json\/wp\/v2\/posts"}],"about":[{"href":"https:\/\/cecomp.univasf.edu.br\/index.php\/wp-json\/wp\/v2\/types\/post"}],"author":[{"embeddable":true,"href":"https:\/\/cecomp.univasf.edu.br\/index.php\/wp-json\/wp\/v2\/users\/1"}],"replies":[{"embeddable":true,"href":"https:\/\/cecomp.univasf.edu.br\/index.php\/wp-json\/wp\/v2\/comments?post=3117"}],"version-history":[{"count":4,"href":"https:\/\/cecomp.univasf.edu.br\/index.php\/wp-json\/wp\/v2\/posts\/3117\/revisions"}],"predecessor-version":[{"id":3122,"href":"https:\/\/cecomp.univasf.edu.br\/index.php\/wp-json\/wp\/v2\/posts\/3117\/revisions\/3122"}],"wp:attachment":[{"href":"https:\/\/cecomp.univasf.edu.br\/index.php\/wp-json\/wp\/v2\/media?parent=3117"}],"wp:term":[{"taxonomy":"category","embeddable":true,"href":"https:\/\/cecomp.univasf.edu.br\/index.php\/wp-json\/wp\/v2\/categories?post=3117"},{"taxonomy":"post_tag","embeddable":true,"href":"https:\/\/cecomp.univasf.edu.br\/index.php\/wp-json\/wp\/v2\/tags?post=3117"}],"curies":[{"name":"wp","href":"https:\/\/api.w.org\/{rel}","templated":true}]}}