{"id":3019,"date":"2025-10-31T17:14:19","date_gmt":"2025-10-31T20:14:19","guid":{"rendered":"https:\/\/cecomp.univasf.edu.br\/?p=3019"},"modified":"2025-10-31T17:14:20","modified_gmt":"2025-10-31T20:14:20","slug":"encerramento-da-gestao-do-professor-dr-jadsonlee-da-silva-sa-na-coordenacao-do-curso-de-engenharia-da-computacao-da-univasf","status":"publish","type":"post","link":"https:\/\/cecomp.univasf.edu.br\/index.php\/encerramento-da-gestao-do-professor-dr-jadsonlee-da-silva-sa-na-coordenacao-do-curso-de-engenharia-da-computacao-da-univasf\/","title":{"rendered":"Encerramento da gest\u00e3o do professor Dr. Jadsonlee da Silva S\u00e1 na coordena\u00e7\u00e3o do Curso de Engenharia da Computa\u00e7\u00e3o da UNIVASF"},"content":{"rendered":"\n<p>O Colegiado de Engenharia da Computa\u00e7\u00e3o (CECOMP) da Universidade Federal do Vale do S\u00e3o Francisco (UNIVASF) informa que, nesta sexta-feira, 31 de outubro de 2025, encerra-se a gest\u00e3o do professor Dr. Jadsonlee da Silva S\u00e1 \u00e0 frente da coordena\u00e7\u00e3o do curso.<\/p>\n\n\n\n<p>O docente assumiu a coordena\u00e7\u00e3o em 1\u00ba de abril de 2022,<strong> <\/strong>per\u00edodo em que conduziu diversas a\u00e7\u00f5es voltadas ao fortalecimento das atividades acad\u00eamicas, administrativas e de integra\u00e7\u00e3o entre discentes, docentes e t\u00e9cnicos do colegiado.<\/p>\n\n\n\n<p>O colegiado informa ainda que aguarda a delibera\u00e7\u00e3o da Reitoria quanto \u00e0 designa\u00e7\u00e3o da nova coordena\u00e7\u00e3o<strong> <\/strong>do curso, que dar\u00e1 continuidade \u00e0s atividades acad\u00eamicas e administrativas do CECOMP.<\/p>\n\n\n\n<p><em>Fonte: Colegiado de Engenharia da Computa\u00e7\u00e3o (CECOMP)<\/em><\/p>\n\n\n\n<p><\/p>\n","protected":false},"excerpt":{"rendered":"O Colegiado de Engenharia da Computa\u00e7\u00e3o (CECOMP) da Universidade Federal do Vale do S\u00e3o Francisco (UNIVASF) informa que, nesta sexta-feira, 31 de outubro de 2025, encerra-se a gest\u00e3o do professor Dr. Jadsonlee da Silva S\u00e1 \u00e0 frente da coordena\u00e7\u00e3o do curso. O docente assumiu a coordena\u00e7\u00e3o em 1\u00ba de abril de 2022, per\u00edodo em que conduziu diversas a\u00e7\u00f5es voltadas ao&nbsp;<a href=\"https:\/\/cecomp.univasf.edu.br\/index.php\/encerramento-da-gestao-do-professor-dr-jadsonlee-da-silva-sa-na-coordenacao-do-curso-de-engenharia-da-computacao-da-univasf\/\" class=\"read-more\">Continue Reading<\/a>","protected":false},"author":1,"featured_media":0,"comment_status":"closed","ping_status":"closed","sticky":false,"template":"","format":"standard","meta":{"footnotes":""},"categories":[1],"tags":[],"class_list":["post-3019","post","type-post","status-publish","format-standard","hentry","category-geral","cat-1-id"],"_links":{"self":[{"href":"https:\/\/cecomp.univasf.edu.br\/index.php\/wp-json\/wp\/v2\/posts\/3019"}],"collection":[{"href":"https:\/\/cecomp.univasf.edu.br\/index.php\/wp-json\/wp\/v2\/posts"}],"about":[{"href":"https:\/\/cecomp.univasf.edu.br\/index.php\/wp-json\/wp\/v2\/types\/post"}],"author":[{"embeddable":true,"href":"https:\/\/cecomp.univasf.edu.br\/index.php\/wp-json\/wp\/v2\/users\/1"}],"replies":[{"embeddable":true,"href":"https:\/\/cecomp.univasf.edu.br\/index.php\/wp-json\/wp\/v2\/comments?post=3019"}],"version-history":[{"count":1,"href":"https:\/\/cecomp.univasf.edu.br\/index.php\/wp-json\/wp\/v2\/posts\/3019\/revisions"}],"predecessor-version":[{"id":3020,"href":"https:\/\/cecomp.univasf.edu.br\/index.php\/wp-json\/wp\/v2\/posts\/3019\/revisions\/3020"}],"wp:attachment":[{"href":"https:\/\/cecomp.univasf.edu.br\/index.php\/wp-json\/wp\/v2\/media?parent=3019"}],"wp:term":[{"taxonomy":"category","embeddable":true,"href":"https:\/\/cecomp.univasf.edu.br\/index.php\/wp-json\/wp\/v2\/categories?post=3019"},{"taxonomy":"post_tag","embeddable":true,"href":"https:\/\/cecomp.univasf.edu.br\/index.php\/wp-json\/wp\/v2\/tags?post=3019"}],"curies":[{"name":"wp","href":"https:\/\/api.w.org\/{rel}","templated":true}]}}