{"id":2624,"date":"2016-12-19T11:42:37","date_gmt":"2016-12-19T14:42:37","guid":{"rendered":"http:\/\/www.cecomp.univasf.edu.br\/?p=2624"},"modified":"2016-12-19T11:42:37","modified_gmt":"2016-12-19T14:42:37","slug":"artigo-sobre-projeto-de-extensao-do-curso-de-engenharia-de-computacao-recebe-mencao-honrosa-em-evento-nacional","status":"publish","type":"post","link":"https:\/\/cecomp.univasf.edu.br\/index.php\/artigo-sobre-projeto-de-extensao-do-curso-de-engenharia-de-computacao-recebe-mencao-honrosa-em-evento-nacional\/","title":{"rendered":"Artigo sobre projeto de extens\u00e3o do Curso de Engenharia de Computa\u00e7\u00e3o recebe men\u00e7\u00e3o honrosa em evento nacional."},"content":{"rendered":"<div>O artigo \"<i><b>An\u00e1lise da efetividade de componente curricular para motivar colaboradores em projetos de Software P\u00fablic<\/b><\/i>o\" recebeu men\u00e7\u00e3o honrosa no XXII Workshop de Inform\u00e1tica na Escola (WIE) de 2016. O WIE \u00e9 um dos eventos sat\u00e9lites do Congresso Brasileiro de Inform\u00e1tica da Educa\u00e7\u00e3o (<a href=\"http:\/\/www.cbie2016.facom.ufu.br\/pt\/\" target=\"_blank\" data-saferedirecturl=\"https:\/\/www.google.com\/url?hl=pt-BR&amp;q=http:\/\/www.cbie2016.facom.ufu.br\/pt\/&amp;source=gmail&amp;ust=1482001365413000&amp;usg=AFQjCNFSHBBf-GWTUwzgKmmD5mwfgnth7A\">http:\/\/www.cbie2016.facom.<wbr \/>ufu.br\/pt\/<\/a>) e esse ano foi realizado na cidade de Uberl\u00e2ndia-MG com realiza\u00e7\u00e3o da Universidade Federal de Uberl\u00e2ndia e apoio da Sociedade Brasileira de Computa\u00e7\u00e3o (SBC).<\/div>\n<div><\/div>\n<div>O artigo abordou aspectos relevantes observados durante a execu\u00e7\u00e3o do N\u00facleo Tem\u00e1tico do Software P\u00fablico Brasileiro, ofertado em 2014.1 e 2014.2, como uma das atividades previstas do Programa de Extens\u00e3o para Forma\u00e7\u00e3o de Agentes de Sustentabilidade para o\u00a0Software\u00a0P\u00fablico Brasileiro\u00a0(PRO-SPB -\u00a0<a href=\"http:\/\/spb.univasf.edu.br\/novo\/\" target=\"_blank\" data-saferedirecturl=\"https:\/\/www.google.com\/url?hl=pt-BR&amp;q=http:\/\/spb.univasf.edu.br\/novo\/&amp;source=gmail&amp;ust=1482001365413000&amp;usg=AFQjCNG3DcKOsKrHdvS8f7tznKSzNycIYg\">http:\/\/spb.univasf.edu.br\/<wbr \/>novo\/<\/a>).<\/div>\n<div><\/div>\n<div>Esse programa foi coordenado pelos professores Jorge Cavalcanti (CECOMP) e Jo\u00e3o Sedraz (CCIVIL) e contou com recursos do MEC\/PROEXT.<\/div>\n<div><\/div>\n<div>Al\u00e9m desse artigo premiado, um outro artigo sobre a tem\u00e1tica de software p\u00fablico foi apresentado no CBIE (<a href=\"http:\/\/www.br-ie.org\/pub\/index.php\/sbie\/article\/view\/6804\" target=\"_blank\" data-saferedirecturl=\"https:\/\/www.google.com\/url?hl=pt-BR&amp;q=http:\/\/www.br-ie.org\/pub\/index.php\/sbie\/article\/view\/6804&amp;source=gmail&amp;ust=1482001365413000&amp;usg=AFQjCNGfWU45oNo5QWBnxT3zhXmBFquUEA\">http:\/\/www.br-ie.org\/pub\/<wbr \/>index.php\/sbie\/article\/view\/<wbr \/>6804<\/a>) e tamb\u00e9m um cap\u00edtulo de um livro sobre governan\u00e7a digital ainda a ser publicado.<\/div>\n","protected":false},"excerpt":{"rendered":"O artigo \"An\u00e1lise da efetividade de componente curricular para motivar colaboradores em projetos de Software P\u00fablico\" recebeu men\u00e7\u00e3o honrosa no XXII Workshop de Inform\u00e1tica na Escola (WIE) de 2016. O WIE \u00e9 um dos eventos sat\u00e9lites do Congresso Brasileiro de Inform\u00e1tica da Educa\u00e7\u00e3o (http:\/\/www.cbie2016.facom.ufu.br\/pt\/) e esse ano foi realizado na cidade de Uberl\u00e2ndia-MG com realiza\u00e7\u00e3o da Universidade Federal de Uberl\u00e2ndia&nbsp;<a href=\"https:\/\/cecomp.univasf.edu.br\/index.php\/artigo-sobre-projeto-de-extensao-do-curso-de-engenharia-de-computacao-recebe-mencao-honrosa-em-evento-nacional\/\" class=\"read-more\">Continue Reading<\/a>","protected":false},"author":1,"featured_media":0,"comment_status":"closed","ping_status":"closed","sticky":false,"template":"","format":"standard","meta":{"footnotes":""},"categories":[1],"tags":[],"class_list":["post-2624","post","type-post","status-publish","format-standard","hentry","category-geral","cat-1-id"],"_links":{"self":[{"href":"https:\/\/cecomp.univasf.edu.br\/index.php\/wp-json\/wp\/v2\/posts\/2624"}],"collection":[{"href":"https:\/\/cecomp.univasf.edu.br\/index.php\/wp-json\/wp\/v2\/posts"}],"about":[{"href":"https:\/\/cecomp.univasf.edu.br\/index.php\/wp-json\/wp\/v2\/types\/post"}],"author":[{"embeddable":true,"href":"https:\/\/cecomp.univasf.edu.br\/index.php\/wp-json\/wp\/v2\/users\/1"}],"replies":[{"embeddable":true,"href":"https:\/\/cecomp.univasf.edu.br\/index.php\/wp-json\/wp\/v2\/comments?post=2624"}],"version-history":[{"count":1,"href":"https:\/\/cecomp.univasf.edu.br\/index.php\/wp-json\/wp\/v2\/posts\/2624\/revisions"}],"predecessor-version":[{"id":2625,"href":"https:\/\/cecomp.univasf.edu.br\/index.php\/wp-json\/wp\/v2\/posts\/2624\/revisions\/2625"}],"wp:attachment":[{"href":"https:\/\/cecomp.univasf.edu.br\/index.php\/wp-json\/wp\/v2\/media?parent=2624"}],"wp:term":[{"taxonomy":"category","embeddable":true,"href":"https:\/\/cecomp.univasf.edu.br\/index.php\/wp-json\/wp\/v2\/categories?post=2624"},{"taxonomy":"post_tag","embeddable":true,"href":"https:\/\/cecomp.univasf.edu.br\/index.php\/wp-json\/wp\/v2\/tags?post=2624"}],"curies":[{"name":"wp","href":"https:\/\/api.w.org\/{rel}","templated":true}]}}